{"id":231255,"date":"2020-11-25T09:35:54","date_gmt":"2020-11-25T08:35:54","guid":{"rendered":"https:\/\/www.retolsdaunis.com\/?p=231255"},"modified":"2021-09-28T10:44:19","modified_gmt":"2021-09-28T08:44:19","slug":"como-incrementar-la-eficiencia-y-rendimento-de-los-almacenes-y-plantas-productivas-con-una-buena-senalizacion","status":"publish","type":"post","link":"https:\/\/www.retolsdaunis.com\/es\/como-incrementar-la-eficiencia-y-rendimento-de-los-almacenes-y-plantas-productivas-con-una-buena-senalizacion\/","title":{"rendered":"\u00bfC\u00f3mo incrementar la eficiencia y rendimento de los almacenes y plantas productivas con una buena se\u00f1alizaci\u00f3n?"},"content":{"rendered":"<p><img loading=\"lazy\" decoding=\"async\" class=\"size-full wp-image-232872 aligncenter\" src=\"https:\/\/www.retolsdaunis.com\/wp-content\/uploads\/2021\/09\/retols-daunis-senalizacion-plantas-productivas.png\" alt=\"\" width=\"815\" height=\"764\" srcset=\"https:\/\/www.retolsdaunis.com\/wp-content\/uploads\/2021\/09\/retols-daunis-senalizacion-plantas-productivas.png 815w, https:\/\/www.retolsdaunis.com\/wp-content\/uploads\/2021\/09\/retols-daunis-senalizacion-plantas-productivas-480x450.png 480w\" sizes=\"auto, (min-width: 0px) and (max-width: 480px) 480px, (min-width: 481px) 815px, 100vw\" \/><\/p>\n<p>Es muy importante en los almacenes de tama\u00f1o medio-grande conocer muy bien las zonas donde est\u00e1n las mercanc\u00edas, que tipo de producto se guarda, las rutas&#8230;<br \/>\n\u00bfQu\u00e9 se consigue con todo esto? Reducir los tiempos de gesti\u00f3n de los productos para que la entrega y el env\u00edo a los clientes se vea disminuida. Un almac\u00e9n ya no es el lugar donde guardar una mercanc\u00eda y hacerlo de cualquier manera, sino un eslab\u00f3n fundamental para el servicio del cliente.<br \/>\nHay que conocer muy bien las ubicaciones de los productos para que el tiempo de manipulaci\u00f3n se reduzca y as\u00ed conseguimos mejores plazos de entrega para el cliente. Tareas como selecci\u00f3n de la mercanc\u00eda en almacenes o estanter\u00edas forma parte del d\u00eda a d\u00eda de la gesti\u00f3n y preparaci\u00f3n de pedidos que entre otras caracter\u00edsticas tambi\u00e9n hay que tener en cuenta:<br \/>\n&#8211; Una correcta se\u00f1alizaci\u00f3n de las zonas del almac\u00e9n, estanter\u00edas\u2026<br \/>\n&#8211; Se\u00f1alizaci\u00f3n y identificaci\u00f3n de la mercanc\u00eda<br \/>\n&#8211; Disposici\u00f3n \u00f3ptima de la mercanc\u00eda tanto en su ubicaci\u00f3n y apilado, como en la delimitaci\u00f3n de los espacios para el paso de carretillas y personas.<br \/>\n&#8211; Indicaci\u00f3n del uso, o no, de maquinaria para el transporte o movilizaci\u00f3n de las mercanc\u00edas.<br \/>\n&#8211; Identificaci\u00f3n de los contenedores de la planta productiva<\/p>\n<p>En definitiva, una se\u00f1alizaci\u00f3n \u00f3ptima de tu almac\u00e9n o planta productiva te ayudar\u00e1 a reducir tiempo de gesti\u00f3n de la producci\u00f3n y preparaci\u00f3n de los pedidos.<\/p>\n","protected":false},"excerpt":{"rendered":"<p>Es muy importante en los almacenes de tama\u00f1o medio-grande conocer muy bien las zonas donde est\u00e1n las mercanc\u00edas, que tipo de producto se guarda, las rutas&#8230; \u00bfQu\u00e9 se consigue con todo esto? Reducir los tiempos de gesti\u00f3n de los productos para que la entrega y el env\u00edo a los clientes se vea disminuida. Un almac\u00e9n [&hellip;]<\/p>\n","protected":false},"author":1,"featured_media":232872,"comment_status":"open","ping_status":"open","sticky":false,"template":"","format":"standard","meta":{"_et_pb_use_builder":"","_et_pb_old_content":"","_et_gb_content_width":"","footnotes":""},"categories":[28],"tags":[],"class_list":["post-231255","post","type-post","status-publish","format-standard","has-post-thumbnail","hentry","category-senalizacion-entrada-blog"],"_links":{"self":[{"href":"https:\/\/www.retolsdaunis.com\/es\/wp-json\/wp\/v2\/posts\/231255","targetHints":{"allow":["GET"]}}],"collection":[{"href":"https:\/\/www.retolsdaunis.com\/es\/wp-json\/wp\/v2\/posts"}],"about":[{"href":"https:\/\/www.retolsdaunis.com\/es\/wp-json\/wp\/v2\/types\/post"}],"author":[{"embeddable":true,"href":"https:\/\/www.retolsdaunis.com\/es\/wp-json\/wp\/v2\/users\/1"}],"replies":[{"embeddable":true,"href":"https:\/\/www.retolsdaunis.com\/es\/wp-json\/wp\/v2\/comments?post=231255"}],"version-history":[{"count":0,"href":"https:\/\/www.retolsdaunis.com\/es\/wp-json\/wp\/v2\/posts\/231255\/revisions"}],"wp:featuredmedia":[{"embeddable":true,"href":"https:\/\/www.retolsdaunis.com\/es\/wp-json\/wp\/v2\/media\/232872"}],"wp:attachment":[{"href":"https:\/\/www.retolsdaunis.com\/es\/wp-json\/wp\/v2\/media?parent=231255"}],"wp:term":[{"taxonomy":"category","embeddable":true,"href":"https:\/\/www.retolsdaunis.com\/es\/wp-json\/wp\/v2\/categories?post=231255"},{"taxonomy":"post_tag","embeddable":true,"href":"https:\/\/www.retolsdaunis.com\/es\/wp-json\/wp\/v2\/tags?post=231255"}],"curies":[{"name":"wp","href":"https:\/\/api.w.org\/{rel}","templated":true}]}}